{"id":663,"date":"2026-03-13T19:04:02","date_gmt":"2026-03-13T19:04:02","guid":{"rendered":"https:\/\/inedec.gob.mx\/?p=663"},"modified":"2026-03-13T19:04:03","modified_gmt":"2026-03-13T19:04:03","slug":"conmemoran-el-dia-internacional-de-la-mujer-con-clase-de-defensa-personal","status":"publish","type":"post","link":"https:\/\/inedec.gob.mx\/conmemoran-el-dia-internacional-de-la-mujer-con-clase-de-defensa-personal\/","title":{"rendered":"Conmemoran el D\u00eda Internacional de la Mujer con clase de Defensa Personal"},"content":{"rendered":"\n<p>Torre\u00f3n, Coahuila de Zaragoza; a 08 de marzo de 2026.- En el marco de la conmemoraci\u00f3n del D\u00eda Internacional de la Mujer, en Torre\u00f3n se llev\u00f3 a cabo una Clase Nacional de Defensa Personal por la Igualdad y Contra la Violencia, misma que se realiz\u00f3 en el Centro Cultural y Deportivo &#8220;La Jabonera&#8221;.<\/p>\n\n\n\n<p>El evento, organizado en colaboraci\u00f3n con la Conadeip, la Federaci\u00f3n Mexicana de Judo y el Inedec, tuvo como objetivo promover la igualdad y el empoderamiento de las mujeres a trav\u00e9s del deporte y la defensa personal.<\/p>\n\n\n\n<p>La clase cont\u00f3 con la participaci\u00f3n de mujeres de diferentes edades y habilidades, y busc\u00f3 fomentar la autoconfianza y la capacidad de autodefensa en un ambiente de respeto y solidaridad.<\/p>\n\n\n\n<figure class=\"wp-block-image size-large\"><img loading=\"lazy\" decoding=\"async\" width=\"1024\" height=\"683\" src=\"https:\/\/inedec.gob.mx\/wp-content\/uploads\/2026\/03\/image-18-1024x683.png\" alt=\"\" class=\"wp-image-665\" srcset=\"https:\/\/inedec.gob.mx\/wp-content\/uploads\/2026\/03\/image-18-1024x683.png 1024w, https:\/\/inedec.gob.mx\/wp-content\/uploads\/2026\/03\/image-18-300x200.png 300w, https:\/\/inedec.gob.mx\/wp-content\/uploads\/2026\/03\/image-18-768x512.png 768w, https:\/\/inedec.gob.mx\/wp-content\/uploads\/2026\/03\/image-18-1536x1024.png 1536w, https:\/\/inedec.gob.mx\/wp-content\/uploads\/2026\/03\/image-18.png 1599w\" sizes=\"auto, (max-width: 1024px) 100vw, 1024px\" \/><\/figure>\n\n\n\n<p>Con esta iniciativa, se busca contribuir a la lucha por los derechos y la igualdad de las mujeres, y promover un mensaje de no violencia y respeto hacia las mujeres en la sociedad.<\/p>\n","protected":false},"excerpt":{"rendered":"<p>Torre\u00f3n, Coahuila de Zaragoza; a 08 de marzo de 2026.- En el marco de la conmemoraci\u00f3n del D\u00eda Internacional de la Mujer, en Torre\u00f3n se llev\u00f3 a cabo una Clase Nacional de Defensa Personal por la Igualdad y Contra la Violencia, misma que se realiz\u00f3 en el Centro Cultural y Deportivo &#8220;La Jabonera&#8221;. El evento, &#8230; <a title=\"Conmemoran el D\u00eda Internacional de la Mujer con clase de Defensa Personal\" class=\"read-more\" href=\"https:\/\/inedec.gob.mx\/conmemoran-el-dia-internacional-de-la-mujer-con-clase-de-defensa-personal\/\" aria-label=\"Leer m\u00e1s sobre Conmemoran el D\u00eda Internacional de la Mujer con clase de Defensa Personal\">Leer m\u00e1s<\/a><\/p>\n","protected":false},"author":2,"featured_media":664,"comment_status":"closed","ping_status":"closed","sticky":false,"template":"","format":"standard","meta":{"footnotes":""},"categories":[1],"tags":[],"class_list":["post-663","post","type-post","status-publish","format-standard","has-post-thumbnail","hentry","category-uncategorized"],"_links":{"self":[{"href":"https:\/\/inedec.gob.mx\/wp-json\/wp\/v2\/posts\/663","targetHints":{"allow":["GET"]}}],"collection":[{"href":"https:\/\/inedec.gob.mx\/wp-json\/wp\/v2\/posts"}],"about":[{"href":"https:\/\/inedec.gob.mx\/wp-json\/wp\/v2\/types\/post"}],"author":[{"embeddable":true,"href":"https:\/\/inedec.gob.mx\/wp-json\/wp\/v2\/users\/2"}],"replies":[{"embeddable":true,"href":"https:\/\/inedec.gob.mx\/wp-json\/wp\/v2\/comments?post=663"}],"version-history":[{"count":1,"href":"https:\/\/inedec.gob.mx\/wp-json\/wp\/v2\/posts\/663\/revisions"}],"predecessor-version":[{"id":666,"href":"https:\/\/inedec.gob.mx\/wp-json\/wp\/v2\/posts\/663\/revisions\/666"}],"wp:featuredmedia":[{"embeddable":true,"href":"https:\/\/inedec.gob.mx\/wp-json\/wp\/v2\/media\/664"}],"wp:attachment":[{"href":"https:\/\/inedec.gob.mx\/wp-json\/wp\/v2\/media?parent=663"}],"wp:term":[{"taxonomy":"category","embeddable":true,"href":"https:\/\/inedec.gob.mx\/wp-json\/wp\/v2\/categories?post=663"},{"taxonomy":"post_tag","embeddable":true,"href":"https:\/\/inedec.gob.mx\/wp-json\/wp\/v2\/tags?post=663"}],"curies":[{"name":"wp","href":"https:\/\/api.w.org\/{rel}","templated":true}]}}